{"id":2756,"date":"2021-08-26T17:23:34","date_gmt":"2021-08-26T16:23:34","guid":{"rendered":"http:\/\/lvl2000ev.bplaced.net\/?p=2756"},"modified":"2023-05-10T20:15:16","modified_gmt":"2023-05-10T19:15:16","slug":"herbsttrainingslager-und-mitgliederversammlung","status":"publish","type":"post","link":"http:\/\/lvl2000ev.bplaced.net\/?p=2756","title":{"rendered":"Herbsttrainingslager und Mitgliederversammlung"},"content":{"rendered":"\n<p>Liebe Vereinsmitglieder,<\/p>\n\n\n\n<p>unter Vorbehalt planen wir unser Herbsttrainingslager an dem Wochende vom 24.-26.09.2021.  <\/p>\n\n\n\n<p>Da wir aufgrund der Kontaktbeschr\u00e4nkungen im letzten Jahr keine Mitgliederversammlung durchf\u00fchren konnten, beabsichtigen wir diese ebenfalls an dem Wochenende vom 24.-26.09.2021 zu organisieren<\/p>\n\n\n\n<p>Weitere Details werden noch bekannt gegeben. M\u00f6gliche Fragen k\u00f6nnen zum Freitagstraining gestellt werden! <\/p>\n\n\n\n<p>sportliche Gr\u00fc\u00dfe<\/p>\n\n\n\n<p>der Vorstand<br><\/p>\n","protected":false},"excerpt":{"rendered":"<p>Liebe Vereinsmitglieder, unter Vorbehalt planen wir unser Herbsttrainingslager an dem Wochende vom 24.-26.09.2021. Da wir aufgrund der Kontaktbeschr\u00e4nkungen im letzten Jahr keine Mitgliederversammlung durchf\u00fchren konnten, beabsichtigen wir diese ebenfalls an dem Wochenende vom 24.-26.09.2021 zu organisieren Weitere Details werden noch bekannt gegeben. M\u00f6gliche Fragen k\u00f6nnen zum Freitagstraining gestellt werden! sportliche Gr\u00fc\u00dfe der Vorstand<\/p>\n","protected":false},"author":2,"featured_media":0,"comment_status":"closed","ping_status":"closed","sticky":false,"template":"","format":"standard","meta":{"footnotes":""},"categories":[1],"tags":[],"class_list":["post-2756","post","type-post","status-publish","format-standard","hentry","category-allgemein"],"_links":{"self":[{"href":"http:\/\/lvl2000ev.bplaced.net\/index.php?rest_route=\/wp\/v2\/posts\/2756","targetHints":{"allow":["GET"]}}],"collection":[{"href":"http:\/\/lvl2000ev.bplaced.net\/index.php?rest_route=\/wp\/v2\/posts"}],"about":[{"href":"http:\/\/lvl2000ev.bplaced.net\/index.php?rest_route=\/wp\/v2\/types\/post"}],"author":[{"embeddable":true,"href":"http:\/\/lvl2000ev.bplaced.net\/index.php?rest_route=\/wp\/v2\/users\/2"}],"replies":[{"embeddable":true,"href":"http:\/\/lvl2000ev.bplaced.net\/index.php?rest_route=%2Fwp%2Fv2%2Fcomments&post=2756"}],"version-history":[{"count":2,"href":"http:\/\/lvl2000ev.bplaced.net\/index.php?rest_route=\/wp\/v2\/posts\/2756\/revisions"}],"predecessor-version":[{"id":2758,"href":"http:\/\/lvl2000ev.bplaced.net\/index.php?rest_route=\/wp\/v2\/posts\/2756\/revisions\/2758"}],"wp:attachment":[{"href":"http:\/\/lvl2000ev.bplaced.net\/index.php?rest_route=%2Fwp%2Fv2%2Fmedia&parent=2756"}],"wp:term":[{"taxonomy":"category","embeddable":true,"href":"http:\/\/lvl2000ev.bplaced.net\/index.php?rest_route=%2Fwp%2Fv2%2Fcategories&post=2756"},{"taxonomy":"post_tag","embeddable":true,"href":"http:\/\/lvl2000ev.bplaced.net\/index.php?rest_route=%2Fwp%2Fv2%2Ftags&post=2756"}],"curies":[{"name":"wp","href":"https:\/\/api.w.org\/{rel}","templated":true}]}}