{"id":2867,"date":"2023-05-07T12:47:31","date_gmt":"2023-05-07T11:47:31","guid":{"rendered":"http:\/\/lvl2000ev.bplaced.net\/?p=2867"},"modified":"2023-05-07T14:01:22","modified_gmt":"2023-05-07T13:01:22","slug":"dm-langstrecke-und-muelsengrundlauf-06-05-2023","status":"publish","type":"post","link":"http:\/\/lvl2000ev.bplaced.net\/?p=2867","title":{"rendered":"DM Langstrecke und M\u00fclsengrundlauf 06.05.2023"},"content":{"rendered":"\n<p>Am Sonnabend den 06.05.2023 versammelte sich die nationale Langstreckenelite in Mittweida zur Deutschen Meisterschaft der Langstrecke. Bereits am Freitag wurden Spitzensportler auch in unserem Stadion gesichtet. <\/p>\n\n\n\n<p>F\u00fcr den Lauf U20 \u00fcber 5.000 m konnte sich unsere Selina Planken mit einer Zeit von 10:27,65 min \u00fcber 3.000 m bei der Bahner\u00f6ffnung in Schwarzenberg qualifizieren. Mit Stolz waren Vereinsmitglieder mit nach Mittweida gefahren, um Selina zu unterst\u00fctzen. Von hinten startend \u00fcberholte sie Runde f\u00fcr Runde immer mehr Konkurrentinnen und landete am Ende auf Platz 11 von 18 Starterinnen mit einer Zeit von 18:01,33 min. Beim Blick auf die Altersjahrg\u00e4nge in der Ergebnisliste f\u00e4llt auf, dass sie in ihrer eigentlichen Altersklasse U18 sogar den zweiten Platz belegt h\u00e4tte. Wir gratulieren von ganzen Herzen und freuen uns \u00fcber den tollen Erfolg!<\/p>\n\n\n\n<p>W\u00e4hrend Selina lief waren ebenfalls viele Helfer zur Durchf\u00fchrung notwendig. Auch war unser Verein mit unseren Jens Wendel und Maik Heinig tatkr\u00e4ftig vertreten. Vielen Dank f\u00fcr eure Arbeit im Ehrenamt!<\/p>\n\n\n\n<div class=\"wp-block-image\"><figure class=\"aligncenter is-resized\"><img loading=\"lazy\" decoding=\"async\" src=\"http:\/\/lvl2000ev.bplaced.net\/wp-content\/uploads\/2023\/05\/20230506_183842-484x1024.jpg\" alt=\"\" class=\"wp-image-2868\" width=\"153\" height=\"324\" srcset=\"http:\/\/lvl2000ev.bplaced.net\/wp-content\/uploads\/2023\/05\/20230506_183842-484x1024.jpg 484w, http:\/\/lvl2000ev.bplaced.net\/wp-content\/uploads\/2023\/05\/20230506_183842-142x300.jpg 142w, http:\/\/lvl2000ev.bplaced.net\/wp-content\/uploads\/2023\/05\/20230506_183842-768x1625.jpg 768w, http:\/\/lvl2000ev.bplaced.net\/wp-content\/uploads\/2023\/05\/20230506_183842-624x1320.jpg 624w, http:\/\/lvl2000ev.bplaced.net\/wp-content\/uploads\/2023\/05\/20230506_183842.jpg 1046w\" sizes=\"auto, (max-width: 153px) 100vw, 153px\" \/><\/figure><\/div>\n\n\n\n<p>Am Morgen hatte der Tag in Stangendorf beim M\u00fclsengrundlauf begonnen. Ebenfalls war der LVL mit vielen Kindern, Jungendlichen und ein paar Erwachsenen am Start. <\/p>\n\n\n\n<p>Hervorzuheben ist der Gesamtsieg von Roman Rudert \u00fcber 5km, den er bereits im Vorjahr einfahren konnte.<\/p>\n\n\n\n<p>Aber auch viele Altersklassenerfolge konnten erlaufen werden. Ergebnisse sind unter <a href=\"https:\/\/my.raceresult.com\/234836\/\">https:\/\/my.raceresult.com\/234836\/<\/a> einsehbar.<br><\/p>\n\n\n\n<div class=\"wp-block-image\"><figure class=\"aligncenter is-resized\"><img loading=\"lazy\" decoding=\"async\" src=\"http:\/\/lvl2000ev.bplaced.net\/wp-content\/uploads\/2023\/05\/Screenshot_20230507_145055_WhatsApp-1024x590.jpg\" alt=\"\" class=\"wp-image-2883\" width=\"523\" height=\"301\"\/><\/figure><\/div>\n\n\n\n<p> <br><\/p>\n","protected":false},"excerpt":{"rendered":"<p>Am Sonnabend den 06.05.2023 versammelte sich die nationale Langstreckenelite in Mittweida zur Deutschen Meisterschaft der Langstrecke. Bereits am Freitag wurden Spitzensportler auch in unserem Stadion gesichtet. F\u00fcr den Lauf U20 \u00fcber 5.000 m konnte sich unsere Selina Planken mit einer Zeit von 10:27,65 min \u00fcber 3.000 m bei der Bahner\u00f6ffnung in Schwarzenberg qualifizieren. Mit Stolz [&hellip;]<\/p>\n","protected":false},"author":2,"featured_media":0,"comment_status":"closed","ping_status":"closed","sticky":false,"template":"","format":"standard","meta":{"footnotes":""},"categories":[1],"tags":[],"class_list":["post-2867","post","type-post","status-publish","format-standard","hentry","category-allgemein"],"_links":{"self":[{"href":"http:\/\/lvl2000ev.bplaced.net\/index.php?rest_route=\/wp\/v2\/posts\/2867","targetHints":{"allow":["GET"]}}],"collection":[{"href":"http:\/\/lvl2000ev.bplaced.net\/index.php?rest_route=\/wp\/v2\/posts"}],"about":[{"href":"http:\/\/lvl2000ev.bplaced.net\/index.php?rest_route=\/wp\/v2\/types\/post"}],"author":[{"embeddable":true,"href":"http:\/\/lvl2000ev.bplaced.net\/index.php?rest_route=\/wp\/v2\/users\/2"}],"replies":[{"embeddable":true,"href":"http:\/\/lvl2000ev.bplaced.net\/index.php?rest_route=%2Fwp%2Fv2%2Fcomments&post=2867"}],"version-history":[{"count":3,"href":"http:\/\/lvl2000ev.bplaced.net\/index.php?rest_route=\/wp\/v2\/posts\/2867\/revisions"}],"predecessor-version":[{"id":2884,"href":"http:\/\/lvl2000ev.bplaced.net\/index.php?rest_route=\/wp\/v2\/posts\/2867\/revisions\/2884"}],"wp:attachment":[{"href":"http:\/\/lvl2000ev.bplaced.net\/index.php?rest_route=%2Fwp%2Fv2%2Fmedia&parent=2867"}],"wp:term":[{"taxonomy":"category","embeddable":true,"href":"http:\/\/lvl2000ev.bplaced.net\/index.php?rest_route=%2Fwp%2Fv2%2Fcategories&post=2867"},{"taxonomy":"post_tag","embeddable":true,"href":"http:\/\/lvl2000ev.bplaced.net\/index.php?rest_route=%2Fwp%2Fv2%2Ftags&post=2867"}],"curies":[{"name":"wp","href":"https:\/\/api.w.org\/{rel}","templated":true}]}}