{"id":2893,"date":"2023-06-04T18:59:19","date_gmt":"2023-06-04T17:59:19","guid":{"rendered":"http:\/\/lvl2000ev.bplaced.net\/?p=2893"},"modified":"2023-06-04T20:44:41","modified_gmt":"2023-06-04T19:44:41","slug":"limbacher-marktlauf-207","status":"publish","type":"post","link":"http:\/\/lvl2000ev.bplaced.net\/?p=2893","title":{"rendered":"Limbacher Marktlauf 20+7"},"content":{"rendered":"\n<p>Unser diesj\u00e4hrige Marktlauf fand am 03.06.2023 statt. Bei Sonne und warmen Temperaturen waren viele SportlerInnen ins Waldstadion gekommen. Mit ge\u00e4nderten Startzeiten verlagerte sich die Veranstaltung jedoch in den Vormittag.  <\/p>\n\n\n\n<p>10 Uhr ging es los zum Lauf 1 \u00fcber 1,5 km mit 111 Kindern und 20 Minuten sp\u00e4ter 16 Jungs und M\u00e4dchen \u00fcber 1 km. Damit ist ein leichtes Plus bei den Kinderl\u00e4ufen im Vergleich zu 2022 zu verzeichnen.<\/p>\n\n\n\n<p>Aus unseren Verein konnten wir uns mit Lenya Parthum \u00fcber 1 km und Josephine Heine \u00fcber 1,5 km als schnellste ihrer L\u00e4ufe freuen. Aber auch sonst konnten wir viele Podestpl\u00e4tze bei den Kinderl\u00e4ufen bejubeln.<\/p>\n\n\n\n<div class=\"wp-block-image\"><figure class=\"aligncenter is-resized\"><img loading=\"lazy\" decoding=\"async\" src=\"http:\/\/lvl2000ev.bplaced.net\/wp-content\/uploads\/2023\/06\/7f85e4d1-2b75-487a-acd5-294bec6dad38-1024x768.jpg\" alt=\"\" class=\"wp-image-2895\" width=\"419\" height=\"314\"\/><\/figure><\/div>\n\n\n\n<div class=\"wp-block-image\"><figure class=\"aligncenter is-resized\"><img loading=\"lazy\" decoding=\"async\" src=\"http:\/\/lvl2000ev.bplaced.net\/wp-content\/uploads\/2023\/06\/3a0267f6-304b-4876-bbfd-20c3b086b061-1024x768.jpg\" alt=\"\" class=\"wp-image-2897\" width=\"419\" height=\"314\"\/><\/figure><\/div>\n\n\n\n<p>Nach der Kita-Staffel und dem Bambinilauf f\u00fcr die ganz Kleinen standen die L\u00e4ufe \u00fcber 5,6 km, 10,6 km und 5,6 km Walken auf dem Programm.<\/p>\n\n\n\n<p>Hier sicherte sich Selina Planken den Gesamtsieg weiblich \u00fcber 5,6 km. Die Jugendlichen und Erwachsenen \u00fcber diese Strecken standen den Kindern nichts nach und erreichten ebenfalls viele Einzelpodestpl\u00e4tze in ihren Altersklassen.<\/p>\n\n\n\n<p>Alle Ergebnisse sind unter <a href=\"https:\/\/triathlon-service.de\">www.triathlon-service.de<\/a> einsehbar.<\/p>\n\n\n\n<p>Am Ende waren sich alle einig, dass es eine gelungene Veranstaltung war. <\/p>\n\n\n\n<p>Vielen Dank noch an alle HelferInnen f\u00fcr den reibungslosen Ablauf! <br><\/p>\n\n\n\n<div class=\"wp-block-image\"><figure class=\"aligncenter is-resized\"><img loading=\"lazy\" decoding=\"async\" src=\"http:\/\/lvl2000ev.bplaced.net\/wp-content\/uploads\/2023\/06\/54efa11f-cd74-4dd4-8681-37ebbd824294-1024x768.jpg\" alt=\"\" class=\"wp-image-2898\" width=\"435\" height=\"326\"\/><\/figure><\/div>\n\n\n\n<p><br><\/p>\n","protected":false},"excerpt":{"rendered":"<p>Unser diesj\u00e4hrige Marktlauf fand am 03.06.2023 statt. Bei Sonne und warmen Temperaturen waren viele SportlerInnen ins Waldstadion gekommen. Mit ge\u00e4nderten Startzeiten verlagerte sich die Veranstaltung jedoch in den Vormittag. 10 Uhr ging es los zum Lauf 1 \u00fcber 1,5 km mit 111 Kindern und 20 Minuten sp\u00e4ter 16 Jungs und M\u00e4dchen \u00fcber 1 km. Damit [&hellip;]<\/p>\n","protected":false},"author":2,"featured_media":0,"comment_status":"closed","ping_status":"closed","sticky":false,"template":"","format":"standard","meta":{"footnotes":""},"categories":[1],"tags":[],"class_list":["post-2893","post","type-post","status-publish","format-standard","hentry","category-allgemein"],"_links":{"self":[{"href":"http:\/\/lvl2000ev.bplaced.net\/index.php?rest_route=\/wp\/v2\/posts\/2893","targetHints":{"allow":["GET"]}}],"collection":[{"href":"http:\/\/lvl2000ev.bplaced.net\/index.php?rest_route=\/wp\/v2\/posts"}],"about":[{"href":"http:\/\/lvl2000ev.bplaced.net\/index.php?rest_route=\/wp\/v2\/types\/post"}],"author":[{"embeddable":true,"href":"http:\/\/lvl2000ev.bplaced.net\/index.php?rest_route=\/wp\/v2\/users\/2"}],"replies":[{"embeddable":true,"href":"http:\/\/lvl2000ev.bplaced.net\/index.php?rest_route=%2Fwp%2Fv2%2Fcomments&post=2893"}],"version-history":[{"count":3,"href":"http:\/\/lvl2000ev.bplaced.net\/index.php?rest_route=\/wp\/v2\/posts\/2893\/revisions"}],"predecessor-version":[{"id":2900,"href":"http:\/\/lvl2000ev.bplaced.net\/index.php?rest_route=\/wp\/v2\/posts\/2893\/revisions\/2900"}],"wp:attachment":[{"href":"http:\/\/lvl2000ev.bplaced.net\/index.php?rest_route=%2Fwp%2Fv2%2Fmedia&parent=2893"}],"wp:term":[{"taxonomy":"category","embeddable":true,"href":"http:\/\/lvl2000ev.bplaced.net\/index.php?rest_route=%2Fwp%2Fv2%2Fcategories&post=2893"},{"taxonomy":"post_tag","embeddable":true,"href":"http:\/\/lvl2000ev.bplaced.net\/index.php?rest_route=%2Fwp%2Fv2%2Ftags&post=2893"}],"curies":[{"name":"wp","href":"https:\/\/api.w.org\/{rel}","templated":true}]}}