{"id":2933,"date":"2023-08-23T21:05:04","date_gmt":"2023-08-23T20:05:04","guid":{"rendered":"http:\/\/lvl2000ev.bplaced.net\/?p=2933"},"modified":"2023-08-23T21:05:04","modified_gmt":"2023-08-23T20:05:04","slug":"trotz-komplizierter-busanreise-zu-platz-5-bei-der-dm-in-rostock","status":"publish","type":"post","link":"http:\/\/lvl2000ev.bplaced.net\/?p=2933","title":{"rendered":"Trotz komplizierter Busanreise zu Platz 5 bei der DM in Rostock"},"content":{"rendered":"\n<p>Zum 36.mal wurden in diesem\nJahr Deutsche Leichtathletik-Jugendmeisterschaften in der U 18 ausgetragen. Im\nRostocker Leichtathletik-Stadion in der Kopernikus-Stra\u00dfe k\u00e4mpften die besten\nJugendlichen dieser Altersklasse um Titel und Medaillen.<\/p>\n\n\n\n<p>Familienurlaub in Holland war\ngebucht, da dachte keiner an einen m\u00f6glichen Start von Selina bei der Deutschen\nMeisterschaft am 22.07.2023. Mit dem St\u00fctzpunkttraining fielen dann im\nFr\u00fchsommer die Normen \u00fcber 3000m und 1500m f\u00fcr die DM. Teilnahme w\u00e4re sch\u00f6n,\naber wie alles organisieren. FlixBus Ticket gebucht. Dank DSC war \u00dcbernachtung\ngekl\u00e4rt. So konnte f\u00fcr die 3000m meldet werden. 1Tag Anreise und 1Tag R\u00fcckfahrt\n\u2013 was macht man nicht Alles f\u00fcr 10 Minuten laufen.<\/p>\n\n\n\n<p>Es wurde ein Erfolg, trotz der\nStrapazen. Ziel war eine einstellige Platzierung. Samstagabend, warmes\nregnerisches Laufwetter. Taktisch kluges Rennen und so passte alles zusammen.\nIn 10:18,70 min belegte Selina einen hervorragenden 5.Platz.<\/p>\n\n\n\n<div class=\"wp-block-image\"><figure class=\"aligncenter is-resized\"><img loading=\"lazy\" decoding=\"async\" src=\"http:\/\/lvl2000ev.bplaced.net\/wp-content\/uploads\/2023\/08\/selina-dm-1024x576.jpg\" alt=\"\" class=\"wp-image-2934\" width=\"522\" height=\"293\" srcset=\"http:\/\/lvl2000ev.bplaced.net\/wp-content\/uploads\/2023\/08\/selina-dm-1024x576.jpg 1024w, http:\/\/lvl2000ev.bplaced.net\/wp-content\/uploads\/2023\/08\/selina-dm-300x169.jpg 300w, http:\/\/lvl2000ev.bplaced.net\/wp-content\/uploads\/2023\/08\/selina-dm-768x432.jpg 768w, http:\/\/lvl2000ev.bplaced.net\/wp-content\/uploads\/2023\/08\/selina-dm-624x351.jpg 624w, http:\/\/lvl2000ev.bplaced.net\/wp-content\/uploads\/2023\/08\/selina-dm.jpg 1280w\" sizes=\"auto, (max-width: 522px) 100vw, 522px\" \/><\/figure><\/div>\n\n\n\n<p>Alle gratulieren sehr herzlich\nund w\u00fcnschen Gl\u00fcck und Erfolg bei der neuen Herausforderung am Sportgymnasium\nund dem DSC in Dresden. <\/p>\n","protected":false},"excerpt":{"rendered":"<p>Zum 36.mal wurden in diesem Jahr Deutsche Leichtathletik-Jugendmeisterschaften in der U 18 ausgetragen. Im Rostocker Leichtathletik-Stadion in der Kopernikus-Stra\u00dfe k\u00e4mpften die besten Jugendlichen dieser Altersklasse um Titel und Medaillen. Familienurlaub in Holland war gebucht, da dachte keiner an einen m\u00f6glichen Start von Selina bei der Deutschen Meisterschaft am 22.07.2023. Mit dem St\u00fctzpunkttraining fielen dann im [&hellip;]<\/p>\n","protected":false},"author":2,"featured_media":0,"comment_status":"closed","ping_status":"closed","sticky":false,"template":"","format":"standard","meta":{"footnotes":""},"categories":[1],"tags":[],"class_list":["post-2933","post","type-post","status-publish","format-standard","hentry","category-allgemein"],"_links":{"self":[{"href":"http:\/\/lvl2000ev.bplaced.net\/index.php?rest_route=\/wp\/v2\/posts\/2933","targetHints":{"allow":["GET"]}}],"collection":[{"href":"http:\/\/lvl2000ev.bplaced.net\/index.php?rest_route=\/wp\/v2\/posts"}],"about":[{"href":"http:\/\/lvl2000ev.bplaced.net\/index.php?rest_route=\/wp\/v2\/types\/post"}],"author":[{"embeddable":true,"href":"http:\/\/lvl2000ev.bplaced.net\/index.php?rest_route=\/wp\/v2\/users\/2"}],"replies":[{"embeddable":true,"href":"http:\/\/lvl2000ev.bplaced.net\/index.php?rest_route=%2Fwp%2Fv2%2Fcomments&post=2933"}],"version-history":[{"count":1,"href":"http:\/\/lvl2000ev.bplaced.net\/index.php?rest_route=\/wp\/v2\/posts\/2933\/revisions"}],"predecessor-version":[{"id":2935,"href":"http:\/\/lvl2000ev.bplaced.net\/index.php?rest_route=\/wp\/v2\/posts\/2933\/revisions\/2935"}],"wp:attachment":[{"href":"http:\/\/lvl2000ev.bplaced.net\/index.php?rest_route=%2Fwp%2Fv2%2Fmedia&parent=2933"}],"wp:term":[{"taxonomy":"category","embeddable":true,"href":"http:\/\/lvl2000ev.bplaced.net\/index.php?rest_route=%2Fwp%2Fv2%2Fcategories&post=2933"},{"taxonomy":"post_tag","embeddable":true,"href":"http:\/\/lvl2000ev.bplaced.net\/index.php?rest_route=%2Fwp%2Fv2%2Ftags&post=2933"}],"curies":[{"name":"wp","href":"https:\/\/api.w.org\/{rel}","templated":true}]}}