{"id":3110,"date":"2025-09-05T13:10:11","date_gmt":"2025-09-05T12:10:11","guid":{"rendered":"http:\/\/lvl2000ev.bplaced.net\/?p=3110"},"modified":"2025-09-08T10:00:51","modified_gmt":"2025-09-08T09:00:51","slug":"roman-rudert-wird-vize-landesmeister","status":"publish","type":"post","link":"http:\/\/lvl2000ev.bplaced.net\/?p=3110","title":{"rendered":"Roman Rudert wird Vize-Landesmeister"},"content":{"rendered":"\n<p><strong>LVL-Mannschaft l\u00e4uft nur knapp am Podest vorbei<\/strong><br><\/p>\n\n\n\n<figure class=\"wp-block-gallery has-nested-images columns-default is-cropped wp-block-gallery-1 is-layout-flex wp-block-gallery-is-layout-flex\">\n<figure class=\"wp-block-image size-large\"><a href=\"http:\/\/lvl2000ev.bplaced.net\/wp-content\/uploads\/2025\/09\/Roman-LM-10km-Strasse.jpg\"><img loading=\"lazy\" decoding=\"async\" width=\"771\" height=\"1024\" data-id=\"3112\" src=\"http:\/\/lvl2000ev.bplaced.net\/wp-content\/uploads\/2025\/09\/Roman-LM-10km-Strasse-771x1024.jpg\" alt=\"\" class=\"wp-image-3112\" srcset=\"http:\/\/lvl2000ev.bplaced.net\/wp-content\/uploads\/2025\/09\/Roman-LM-10km-Strasse-771x1024.jpg 771w, http:\/\/lvl2000ev.bplaced.net\/wp-content\/uploads\/2025\/09\/Roman-LM-10km-Strasse-226x300.jpg 226w, http:\/\/lvl2000ev.bplaced.net\/wp-content\/uploads\/2025\/09\/Roman-LM-10km-Strasse-768x1021.jpg 768w, http:\/\/lvl2000ev.bplaced.net\/wp-content\/uploads\/2025\/09\/Roman-LM-10km-Strasse-1156x1536.jpg 1156w, http:\/\/lvl2000ev.bplaced.net\/wp-content\/uploads\/2025\/09\/Roman-LM-10km-Strasse-624x829.jpg 624w, http:\/\/lvl2000ev.bplaced.net\/wp-content\/uploads\/2025\/09\/Roman-LM-10km-Strasse.jpg 1204w\" sizes=\"auto, (max-width: 771px) 100vw, 771px\" \/><\/a><\/figure>\n\n\n\n<figure class=\"wp-block-image size-large\"><a href=\"http:\/\/lvl2000ev.bplaced.net\/wp-content\/uploads\/2025\/09\/Team-LM-Strasse.jpg\"><img loading=\"lazy\" decoding=\"async\" width=\"771\" height=\"1024\" data-id=\"3111\" src=\"http:\/\/lvl2000ev.bplaced.net\/wp-content\/uploads\/2025\/09\/Team-LM-Strasse-771x1024.jpg\" alt=\"\" class=\"wp-image-3111\" srcset=\"http:\/\/lvl2000ev.bplaced.net\/wp-content\/uploads\/2025\/09\/Team-LM-Strasse-771x1024.jpg 771w, http:\/\/lvl2000ev.bplaced.net\/wp-content\/uploads\/2025\/09\/Team-LM-Strasse-226x300.jpg 226w, http:\/\/lvl2000ev.bplaced.net\/wp-content\/uploads\/2025\/09\/Team-LM-Strasse-768x1021.jpg 768w, http:\/\/lvl2000ev.bplaced.net\/wp-content\/uploads\/2025\/09\/Team-LM-Strasse-1156x1536.jpg 1156w, http:\/\/lvl2000ev.bplaced.net\/wp-content\/uploads\/2025\/09\/Team-LM-Strasse-624x829.jpg 624w, http:\/\/lvl2000ev.bplaced.net\/wp-content\/uploads\/2025\/09\/Team-LM-Strasse.jpg 1204w\" sizes=\"auto, (max-width: 771px) 100vw, 771px\" \/><\/a><\/figure>\n<\/figure>\n\n\n\n<p>Bei der diesj\u00e4hrigen Landesmeisterschaft am 30. August im 10-Kilometer-Stra\u00dfenlauf im Rahmen des 20. Sparkassen-Tauchscher-Stadtlaufs hat sich Roman Rudert (Jahrgang 2007) mit einer Zeit von 34:32 Minuten den Vize-Landesmeistertitel gesichert. Insgesamt waren f\u00fcnf L\u00e4ufer unseres Laufvereins Limbach 2000 e.V. vertreten.<\/p>\n\n\n\n<!--more weiterlesen-->\n\n\n\n<p>Rouven Richter (Jahrgang 2001) lief in 35:23 Minuten auf Rang 9 der Landesmeisterschafts-Gesamtwertung. Karsten Hill (Jahrgang 1984) erreichte in 37:38 Minuten Platz 24, w\u00e4hrend Marco Pra\u00dfe (Jahrgang 1985) nur wenige Sekunden dahinter auf Platz 26 folgte. Sven Sprunk (Jahrgang 1966) komplettierte das Vereinsergebnis mit 42:49 Minuten auf Platz 48.<\/p>\n\n\n\n<p><strong>Knapp am Podest vorbei: In der Mannschaftswertung auf Platz 4<\/strong><br>Besonders spannend war die Mannschaftswertung: Mit einer Gesamtzeit von 1:47:34 Stunden (berechnet aus den drei besten Einzelzeiten von Roman Rudert 34:32, Rouven Richter 35:23 und Karsten Hill 37:38) belegte unser Team den 4. Platz in der Mannschaftswertung. Nur 4 Sekunden trennten uns dabei vom begehrten Podestplatz. <br><\/p>\n\n\n\n<p>Alle Ergebnisse im \u00dcberblick hier es <a href=\"https:\/\/baer-service.de\/ergebnisse\/TSL\/2025\" data-type=\"link\" data-id=\"https:\/\/baer-service.de\/ergebnisse\/TSL\/2025\" target=\"_blank\" rel=\"noreferrer noopener\">hier<\/a>. <\/p>\n\n\n\n<p><\/p>\n","protected":false},"excerpt":{"rendered":"<p>LVL-Mannschaft l\u00e4uft nur knapp am Podest vorbei Bei der diesj\u00e4hrigen Landesmeisterschaft am 30. August im 10-Kilometer-Stra\u00dfenlauf im Rahmen des 20. Sparkassen-Tauchscher-Stadtlaufs hat sich Roman Rudert (Jahrgang 2007) mit einer Zeit von 34:32 Minuten den Vize-Landesmeistertitel gesichert. Insgesamt waren f\u00fcnf L\u00e4ufer unseres Laufvereins Limbach 2000 e.V. vertreten.<\/p>\n","protected":false},"author":7,"featured_media":0,"comment_status":"closed","ping_status":"closed","sticky":false,"template":"","format":"standard","meta":{"footnotes":""},"categories":[1],"tags":[],"class_list":["post-3110","post","type-post","status-publish","format-standard","hentry","category-allgemein"],"_links":{"self":[{"href":"http:\/\/lvl2000ev.bplaced.net\/index.php?rest_route=\/wp\/v2\/posts\/3110","targetHints":{"allow":["GET"]}}],"collection":[{"href":"http:\/\/lvl2000ev.bplaced.net\/index.php?rest_route=\/wp\/v2\/posts"}],"about":[{"href":"http:\/\/lvl2000ev.bplaced.net\/index.php?rest_route=\/wp\/v2\/types\/post"}],"author":[{"embeddable":true,"href":"http:\/\/lvl2000ev.bplaced.net\/index.php?rest_route=\/wp\/v2\/users\/7"}],"replies":[{"embeddable":true,"href":"http:\/\/lvl2000ev.bplaced.net\/index.php?rest_route=%2Fwp%2Fv2%2Fcomments&post=3110"}],"version-history":[{"count":3,"href":"http:\/\/lvl2000ev.bplaced.net\/index.php?rest_route=\/wp\/v2\/posts\/3110\/revisions"}],"predecessor-version":[{"id":3152,"href":"http:\/\/lvl2000ev.bplaced.net\/index.php?rest_route=\/wp\/v2\/posts\/3110\/revisions\/3152"}],"wp:attachment":[{"href":"http:\/\/lvl2000ev.bplaced.net\/index.php?rest_route=%2Fwp%2Fv2%2Fmedia&parent=3110"}],"wp:term":[{"taxonomy":"category","embeddable":true,"href":"http:\/\/lvl2000ev.bplaced.net\/index.php?rest_route=%2Fwp%2Fv2%2Fcategories&post=3110"},{"taxonomy":"post_tag","embeddable":true,"href":"http:\/\/lvl2000ev.bplaced.net\/index.php?rest_route=%2Fwp%2Fv2%2Ftags&post=3110"}],"curies":[{"name":"wp","href":"https:\/\/api.w.org\/{rel}","templated":true}]}}